{"id":899,"date":"2020-04-21T14:03:38","date_gmt":"2020-04-21T12:03:38","guid":{"rendered":"http:\/\/slac-artsdecombat.fr\/?p=899"},"modified":"2020-04-21T14:03:38","modified_gmt":"2020-04-21T12:03:38","slug":"information-covid-19","status":"publish","type":"post","link":"https:\/\/slac-artsdecombat.fr\/index.php\/2020\/04\/21\/information-covid-19\/","title":{"rendered":"INFORMATION COVID-19"},"content":{"rendered":"\n<p>Bonjour \u00e0 toutes et \u00e0 tous,<\/p>\n\n\n\n<p>Nous esp\u00e9rons que vous vivez au mieux la situation\nactuelle&#8230;<\/p>\n\n\n\n<p>En ce qui concerne votre cotisation, le club remettra \u00e0 l&rsquo;encaissement vos \u00e9ventuels ch\u00e8ques restants comme initialement pr\u00e9vu, aux dates pr\u00e9vues.<\/p>\n\n\n\n<p>Cependant, compte tenu du prolongement du\nconfinement au 11 mai qui pourrait aller au-del\u00e0 concernant nos activit\u00e9s, le\nclub proposera un remboursement en fin de saison aux adh\u00e9rents (sous forme de\nch\u00e8que), au prorata de la p\u00e9riode non pratiqu\u00e9e.<\/p>\n\n\n\n<p>Chaque ann\u00e9e, le club cl\u00f4ture la saison sportive avec le \u00ab\u00a0Troph\u00e9e Lerpini\u00e8re\u00a0\u00bb. Il est certain que cette ann\u00e9e, malheureusement, cette manifestation n&rsquo;aura pas lieu.<\/p>\n\n\n\n<p>N&rsquo;h\u00e9sitez pas \u00e0 consulter r\u00e9guli\u00e8rement les infos\nsur le site du club.<\/p>\n\n\n\n<p>En attendant la suite des \u00e9v\u00e8nements, prenez soin\nde vous et restez prudents.&nbsp; Au plaisir\nde vous revoir sur et autour des tatamis le plus t\u00f4t possible.<\/p>\n\n\n\n<p>Sportivement, le Pr\u00e9sident de la SLAC, Christian Ortega<\/p>\n","protected":false},"excerpt":{"rendered":"<p>Bonjour \u00e0 toutes et \u00e0 tous, Nous esp\u00e9rons que vous vivez au mieux la situation actuelle&#8230; En ce qui concerne votre cotisation, le club remettra \u00e0 l&rsquo;encaissement vos \u00e9ventuels ch\u00e8ques restants comme initialement pr\u00e9vu, aux dates pr\u00e9vues. Cependant, compte tenu du prolongement du confinement au 11 mai qui pourrait aller au-del\u00e0 concernant nos activit\u00e9s, le &hellip; <\/p>\n<p class=\"link-more\"><a href=\"https:\/\/slac-artsdecombat.fr\/index.php\/2020\/04\/21\/information-covid-19\/\" class=\"more-link\">Continuer la lecture<span class=\"screen-reader-text\"> de &laquo;&nbsp;INFORMATION COVID-19&nbsp;&raquo;<\/span><\/a><\/p>\n","protected":false},"author":1,"featured_media":0,"comment_status":"closed","ping_status":"open","sticky":false,"template":"","format":"standard","meta":{"footnotes":""},"categories":[1],"tags":[],"class_list":["post-899","post","type-post","status-publish","format-standard","hentry","category-non-classe"],"_links":{"self":[{"href":"https:\/\/slac-artsdecombat.fr\/index.php\/wp-json\/wp\/v2\/posts\/899","targetHints":{"allow":["GET"]}}],"collection":[{"href":"https:\/\/slac-artsdecombat.fr\/index.php\/wp-json\/wp\/v2\/posts"}],"about":[{"href":"https:\/\/slac-artsdecombat.fr\/index.php\/wp-json\/wp\/v2\/types\/post"}],"author":[{"embeddable":true,"href":"https:\/\/slac-artsdecombat.fr\/index.php\/wp-json\/wp\/v2\/users\/1"}],"replies":[{"embeddable":true,"href":"https:\/\/slac-artsdecombat.fr\/index.php\/wp-json\/wp\/v2\/comments?post=899"}],"version-history":[{"count":1,"href":"https:\/\/slac-artsdecombat.fr\/index.php\/wp-json\/wp\/v2\/posts\/899\/revisions"}],"predecessor-version":[{"id":900,"href":"https:\/\/slac-artsdecombat.fr\/index.php\/wp-json\/wp\/v2\/posts\/899\/revisions\/900"}],"wp:attachment":[{"href":"https:\/\/slac-artsdecombat.fr\/index.php\/wp-json\/wp\/v2\/media?parent=899"}],"wp:term":[{"taxonomy":"category","embeddable":true,"href":"https:\/\/slac-artsdecombat.fr\/index.php\/wp-json\/wp\/v2\/categories?post=899"},{"taxonomy":"post_tag","embeddable":true,"href":"https:\/\/slac-artsdecombat.fr\/index.php\/wp-json\/wp\/v2\/tags?post=899"}],"curies":[{"name":"wp","href":"https:\/\/api.w.org\/{rel}","templated":true}]}}