{"id":82,"date":"2017-09-27T09:13:19","date_gmt":"2017-09-27T07:13:19","guid":{"rendered":"http:\/\/slac-artsdecombat.fr\/?p=82"},"modified":"2017-11-27T10:23:21","modified_gmt":"2017-11-27T09:23:21","slug":"intervention-a-lecole-primaire-de-lauris","status":"publish","type":"post","link":"https:\/\/slac-artsdecombat.fr\/index.php\/2017\/09\/27\/intervention-a-lecole-primaire-de-lauris\/","title":{"rendered":"Intervention \u00e0 l&rsquo;\u00e9cole primaire de Lauris"},"content":{"rendered":"<p>Xavier Louvel interviendra \u00e0 l&rsquo;\u00e9cole primaire de Lauris pour initier les \u00e9l\u00e8ves \u00e0 la pratique du Judo les mardi 10,17,24,31octobre , 28 novembre et 5 d\u00e9cembre 2017<\/p>\n","protected":false},"excerpt":{"rendered":"<p>Xavier Louvel interviendra \u00e0 l&rsquo;\u00e9cole primaire de Lauris pour initier les \u00e9l\u00e8ves \u00e0 la pratique du Judo les mardi 10,17,24,31octobre , 28 novembre et 5 d\u00e9cembre 2017<\/p>\n","protected":false},"author":1,"featured_media":0,"comment_status":"open","ping_status":"open","sticky":false,"template":"","format":"standard","meta":{"footnotes":""},"categories":[1],"tags":[],"class_list":["post-82","post","type-post","status-publish","format-standard","hentry","category-non-classe"],"_links":{"self":[{"href":"https:\/\/slac-artsdecombat.fr\/index.php\/wp-json\/wp\/v2\/posts\/82","targetHints":{"allow":["GET"]}}],"collection":[{"href":"https:\/\/slac-artsdecombat.fr\/index.php\/wp-json\/wp\/v2\/posts"}],"about":[{"href":"https:\/\/slac-artsdecombat.fr\/index.php\/wp-json\/wp\/v2\/types\/post"}],"author":[{"embeddable":true,"href":"https:\/\/slac-artsdecombat.fr\/index.php\/wp-json\/wp\/v2\/users\/1"}],"replies":[{"embeddable":true,"href":"https:\/\/slac-artsdecombat.fr\/index.php\/wp-json\/wp\/v2\/comments?post=82"}],"version-history":[{"count":2,"href":"https:\/\/slac-artsdecombat.fr\/index.php\/wp-json\/wp\/v2\/posts\/82\/revisions"}],"predecessor-version":[{"id":332,"href":"https:\/\/slac-artsdecombat.fr\/index.php\/wp-json\/wp\/v2\/posts\/82\/revisions\/332"}],"wp:attachment":[{"href":"https:\/\/slac-artsdecombat.fr\/index.php\/wp-json\/wp\/v2\/media?parent=82"}],"wp:term":[{"taxonomy":"category","embeddable":true,"href":"https:\/\/slac-artsdecombat.fr\/index.php\/wp-json\/wp\/v2\/categories?post=82"},{"taxonomy":"post_tag","embeddable":true,"href":"https:\/\/slac-artsdecombat.fr\/index.php\/wp-json\/wp\/v2\/tags?post=82"}],"curies":[{"name":"wp","href":"https:\/\/api.w.org\/{rel}","templated":true}]}}