{"id":703,"date":"2018-12-27T17:54:20","date_gmt":"2018-12-27T16:54:20","guid":{"rendered":"http:\/\/slac-artsdecombat.fr\/?p=703"},"modified":"2018-12-27T17:55:13","modified_gmt":"2018-12-27T16:55:13","slug":"competition-9-decembre-fsgt","status":"publish","type":"post","link":"https:\/\/slac-artsdecombat.fr\/index.php\/2018\/12\/27\/competition-9-decembre-fsgt\/","title":{"rendered":"Comp\u00e9tition 9 d\u00e9cembre FSGT"},"content":{"rendered":"\n<p>Dimanche 9 d\u00e9cembre, se d\u00e9roulait le championnat\nde Provence de judo FSGT \u00e0 Marseille, au dojo r\u00e9gional de Bougainville.<\/p>\n\n\n\n<p>7 judokas (Vincent, Sarah, Na\u00efllik, Gino, Cl\u00e9ment,\nC\u00e9leste et Allan) ont d\u00e9fendu dignement les couleurs du club&nbsp;; une mention\nparticuli\u00e8re pour les prestations remarquables de Cl\u00e9ment, Sarah et C\u00e9leste.<\/p>\n\n\n\n<p>La suite en f\u00e9vrier 2019&#8230;<\/p>\n\n\n\n<p>Bravo \u00e0 toutes et \u00e0 tous pour votre implication et votre engagement.<\/p>\n\n\n\n<figure class=\"wp-block-image\"><img loading=\"lazy\" decoding=\"async\" width=\"520\" height=\"390\" src=\"https:\/\/slac-artsdecombat.fr\/wp-content\/uploads\/2018\/12\/IMG_20181209_1335051.jpg\" alt=\"\" class=\"wp-image-689\" srcset=\"https:\/\/slac-artsdecombat.fr\/wp-content\/uploads\/2018\/12\/IMG_20181209_1335051.jpg 520w, https:\/\/slac-artsdecombat.fr\/wp-content\/uploads\/2018\/12\/IMG_20181209_1335051-300x225.jpg 300w\" sizes=\"auto, (max-width: 520px) 100vw, 520px\" \/><\/figure>\n","protected":false},"excerpt":{"rendered":"<p>Dimanche 9 d\u00e9cembre, se d\u00e9roulait le championnat de Provence de judo FSGT \u00e0 Marseille, au dojo r\u00e9gional de Bougainville. 7 judokas (Vincent, Sarah, Na\u00efllik, Gino, Cl\u00e9ment, C\u00e9leste et Allan) ont d\u00e9fendu dignement les couleurs du club&nbsp;; une mention particuli\u00e8re pour les prestations remarquables de Cl\u00e9ment, Sarah et C\u00e9leste. La suite en f\u00e9vrier 2019&#8230; Bravo \u00e0 &hellip; <\/p>\n<p class=\"link-more\"><a href=\"https:\/\/slac-artsdecombat.fr\/index.php\/2018\/12\/27\/competition-9-decembre-fsgt\/\" class=\"more-link\">Continuer la lecture<span class=\"screen-reader-text\"> de &laquo;&nbsp;Comp\u00e9tition 9 d\u00e9cembre FSGT&nbsp;&raquo;<\/span><\/a><\/p>\n","protected":false},"author":1,"featured_media":0,"comment_status":"closed","ping_status":"open","sticky":false,"template":"","format":"standard","meta":{"footnotes":""},"categories":[1],"tags":[],"class_list":["post-703","post","type-post","status-publish","format-standard","hentry","category-non-classe"],"_links":{"self":[{"href":"https:\/\/slac-artsdecombat.fr\/index.php\/wp-json\/wp\/v2\/posts\/703","targetHints":{"allow":["GET"]}}],"collection":[{"href":"https:\/\/slac-artsdecombat.fr\/index.php\/wp-json\/wp\/v2\/posts"}],"about":[{"href":"https:\/\/slac-artsdecombat.fr\/index.php\/wp-json\/wp\/v2\/types\/post"}],"author":[{"embeddable":true,"href":"https:\/\/slac-artsdecombat.fr\/index.php\/wp-json\/wp\/v2\/users\/1"}],"replies":[{"embeddable":true,"href":"https:\/\/slac-artsdecombat.fr\/index.php\/wp-json\/wp\/v2\/comments?post=703"}],"version-history":[{"count":3,"href":"https:\/\/slac-artsdecombat.fr\/index.php\/wp-json\/wp\/v2\/posts\/703\/revisions"}],"predecessor-version":[{"id":706,"href":"https:\/\/slac-artsdecombat.fr\/index.php\/wp-json\/wp\/v2\/posts\/703\/revisions\/706"}],"wp:attachment":[{"href":"https:\/\/slac-artsdecombat.fr\/index.php\/wp-json\/wp\/v2\/media?parent=703"}],"wp:term":[{"taxonomy":"category","embeddable":true,"href":"https:\/\/slac-artsdecombat.fr\/index.php\/wp-json\/wp\/v2\/categories?post=703"},{"taxonomy":"post_tag","embeddable":true,"href":"https:\/\/slac-artsdecombat.fr\/index.php\/wp-json\/wp\/v2\/tags?post=703"}],"curies":[{"name":"wp","href":"https:\/\/api.w.org\/{rel}","templated":true}]}}