{"id":665,"date":"2018-09-23T21:29:01","date_gmt":"2018-09-23T19:29:01","guid":{"rendered":"http:\/\/slac-artsdecombat.fr\/?p=665"},"modified":"2018-09-23T21:29:21","modified_gmt":"2018-09-23T19:29:21","slug":"forum-des-associations-de-lauris","status":"publish","type":"post","link":"https:\/\/slac-artsdecombat.fr\/index.php\/2018\/09\/23\/forum-des-associations-de-lauris\/","title":{"rendered":"Forum des associations"},"content":{"rendered":"<p>Le club \u00e9tait pr\u00e9sent au forum des associations le 1 septembre \u00e0 Lauris<\/p>\n<p><a href=\"https:\/\/slac-artsdecombat.fr\/wp-content\/uploads\/2018\/09\/IMG_20180901_155619.jpg\"><img loading=\"lazy\" decoding=\"async\" class=\"aligncenter size-full wp-image-663\" src=\"https:\/\/slac-artsdecombat.fr\/wp-content\/uploads\/2018\/09\/IMG_20180901_155619.jpg\" alt=\"\" width=\"4608\" height=\"3456\" srcset=\"https:\/\/slac-artsdecombat.fr\/wp-content\/uploads\/2018\/09\/IMG_20180901_155619.jpg 4608w, https:\/\/slac-artsdecombat.fr\/wp-content\/uploads\/2018\/09\/IMG_20180901_155619-300x225.jpg 300w, https:\/\/slac-artsdecombat.fr\/wp-content\/uploads\/2018\/09\/IMG_20180901_155619-768x576.jpg 768w, https:\/\/slac-artsdecombat.fr\/wp-content\/uploads\/2018\/09\/IMG_20180901_155619-1024x768.jpg 1024w\" sizes=\"auto, (max-width: 767px) 89vw, (max-width: 1000px) 54vw, (max-width: 1071px) 543px, 580px\" \/><\/a><\/p>\n","protected":false},"excerpt":{"rendered":"<p>Le club \u00e9tait pr\u00e9sent au forum des associations le 1 septembre \u00e0 Lauris<\/p>\n","protected":false},"author":1,"featured_media":0,"comment_status":"closed","ping_status":"open","sticky":false,"template":"","format":"standard","meta":{"footnotes":""},"categories":[1],"tags":[],"class_list":["post-665","post","type-post","status-publish","format-standard","hentry","category-non-classe"],"_links":{"self":[{"href":"https:\/\/slac-artsdecombat.fr\/index.php\/wp-json\/wp\/v2\/posts\/665","targetHints":{"allow":["GET"]}}],"collection":[{"href":"https:\/\/slac-artsdecombat.fr\/index.php\/wp-json\/wp\/v2\/posts"}],"about":[{"href":"https:\/\/slac-artsdecombat.fr\/index.php\/wp-json\/wp\/v2\/types\/post"}],"author":[{"embeddable":true,"href":"https:\/\/slac-artsdecombat.fr\/index.php\/wp-json\/wp\/v2\/users\/1"}],"replies":[{"embeddable":true,"href":"https:\/\/slac-artsdecombat.fr\/index.php\/wp-json\/wp\/v2\/comments?post=665"}],"version-history":[{"count":2,"href":"https:\/\/slac-artsdecombat.fr\/index.php\/wp-json\/wp\/v2\/posts\/665\/revisions"}],"predecessor-version":[{"id":667,"href":"https:\/\/slac-artsdecombat.fr\/index.php\/wp-json\/wp\/v2\/posts\/665\/revisions\/667"}],"wp:attachment":[{"href":"https:\/\/slac-artsdecombat.fr\/index.php\/wp-json\/wp\/v2\/media?parent=665"}],"wp:term":[{"taxonomy":"category","embeddable":true,"href":"https:\/\/slac-artsdecombat.fr\/index.php\/wp-json\/wp\/v2\/categories?post=665"},{"taxonomy":"post_tag","embeddable":true,"href":"https:\/\/slac-artsdecombat.fr\/index.php\/wp-json\/wp\/v2\/tags?post=665"}],"curies":[{"name":"wp","href":"https:\/\/api.w.org\/{rel}","templated":true}]}}