{"id":1461,"date":"2025-05-14T07:59:58","date_gmt":"2025-05-14T05:59:58","guid":{"rendered":"https:\/\/slac-artsdecombat.fr\/?p=1461"},"modified":"2025-05-14T08:01:13","modified_gmt":"2025-05-14T06:01:13","slug":"inauguration-de-la-salle-de-preparation-physique","status":"publish","type":"post","link":"https:\/\/slac-artsdecombat.fr\/index.php\/2025\/05\/14\/inauguration-de-la-salle-de-preparation-physique\/","title":{"rendered":"Inauguration de la salle de pr\u00e9paration physique"},"content":{"rendered":"\n<p><strong>Vous \u00eates venus nombreux pour inaugurer la nouvelle salle,  !<\/strong><br>Merci \u00e0 toutes et tous pour votre pr\u00e9sence. On esp\u00e8re que vous vous y sentirez aussi bien que nous\u2026 et que vous reviendrez sans attendre la prochaine inauguration \ud83d\ude04<\/p>\n\n\n\n<figure class=\"wp-block-image size-large is-resized\"><img loading=\"lazy\" decoding=\"async\" width=\"1024\" height=\"768\" src=\"https:\/\/slac-artsdecombat.fr\/wp-content\/uploads\/2025\/05\/inauguration-salle-de-sport-1-1024x768.jpg\" alt=\"\" class=\"wp-image-1460\" style=\"width:0px\" srcset=\"https:\/\/slac-artsdecombat.fr\/wp-content\/uploads\/2025\/05\/inauguration-salle-de-sport-1-1024x768.jpg 1024w, https:\/\/slac-artsdecombat.fr\/wp-content\/uploads\/2025\/05\/inauguration-salle-de-sport-1-300x225.jpg 300w, https:\/\/slac-artsdecombat.fr\/wp-content\/uploads\/2025\/05\/inauguration-salle-de-sport-1-768x576.jpg 768w, https:\/\/slac-artsdecombat.fr\/wp-content\/uploads\/2025\/05\/inauguration-salle-de-sport-1-1536x1152.jpg 1536w, https:\/\/slac-artsdecombat.fr\/wp-content\/uploads\/2025\/05\/inauguration-salle-de-sport-1-2048x1536.jpg 2048w\" sizes=\"auto, (max-width: 767px) 89vw, (max-width: 1000px) 54vw, (max-width: 1071px) 543px, 580px\" \/><\/figure>\n\n\n\n<figure class=\"wp-block-image size-large\"><img loading=\"lazy\" decoding=\"async\" width=\"1024\" height=\"768\" src=\"https:\/\/slac-artsdecombat.fr\/wp-content\/uploads\/2025\/05\/inauguration-salle-de-sport-2-1024x768.jpg\" alt=\"\" class=\"wp-image-1463\" srcset=\"https:\/\/slac-artsdecombat.fr\/wp-content\/uploads\/2025\/05\/inauguration-salle-de-sport-2-1024x768.jpg 1024w, https:\/\/slac-artsdecombat.fr\/wp-content\/uploads\/2025\/05\/inauguration-salle-de-sport-2-300x225.jpg 300w, https:\/\/slac-artsdecombat.fr\/wp-content\/uploads\/2025\/05\/inauguration-salle-de-sport-2-768x576.jpg 768w, https:\/\/slac-artsdecombat.fr\/wp-content\/uploads\/2025\/05\/inauguration-salle-de-sport-2-1536x1152.jpg 1536w, https:\/\/slac-artsdecombat.fr\/wp-content\/uploads\/2025\/05\/inauguration-salle-de-sport-2-2048x1536.jpg 2048w\" sizes=\"auto, (max-width: 767px) 89vw, (max-width: 1000px) 54vw, (max-width: 1071px) 543px, 580px\" \/><\/figure>\n\n\n\n<figure class=\"wp-block-image size-large\"><img loading=\"lazy\" decoding=\"async\" width=\"1024\" height=\"768\" src=\"https:\/\/slac-artsdecombat.fr\/wp-content\/uploads\/2025\/05\/inauguration-salle-de-sport-1-1024x768.jpg\" alt=\"\" class=\"wp-image-1460\" srcset=\"https:\/\/slac-artsdecombat.fr\/wp-content\/uploads\/2025\/05\/inauguration-salle-de-sport-1-1024x768.jpg 1024w, https:\/\/slac-artsdecombat.fr\/wp-content\/uploads\/2025\/05\/inauguration-salle-de-sport-1-300x225.jpg 300w, https:\/\/slac-artsdecombat.fr\/wp-content\/uploads\/2025\/05\/inauguration-salle-de-sport-1-768x576.jpg 768w, https:\/\/slac-artsdecombat.fr\/wp-content\/uploads\/2025\/05\/inauguration-salle-de-sport-1-1536x1152.jpg 1536w, https:\/\/slac-artsdecombat.fr\/wp-content\/uploads\/2025\/05\/inauguration-salle-de-sport-1-2048x1536.jpg 2048w\" sizes=\"auto, (max-width: 767px) 89vw, (max-width: 1000px) 54vw, (max-width: 1071px) 543px, 580px\" \/><\/figure>\n","protected":false},"excerpt":{"rendered":"<p>Vous \u00eates venus nombreux pour inaugurer la nouvelle salle, !Merci \u00e0 toutes et tous pour votre pr\u00e9sence. On esp\u00e8re que vous vous y sentirez aussi bien que nous\u2026 et que vous reviendrez sans attendre la prochaine inauguration \ud83d\ude04<\/p>\n","protected":false},"author":1,"featured_media":0,"comment_status":"closed","ping_status":"open","sticky":false,"template":"","format":"standard","meta":{"footnotes":""},"categories":[1],"tags":[],"class_list":["post-1461","post","type-post","status-publish","format-standard","hentry","category-non-classe"],"_links":{"self":[{"href":"https:\/\/slac-artsdecombat.fr\/index.php\/wp-json\/wp\/v2\/posts\/1461","targetHints":{"allow":["GET"]}}],"collection":[{"href":"https:\/\/slac-artsdecombat.fr\/index.php\/wp-json\/wp\/v2\/posts"}],"about":[{"href":"https:\/\/slac-artsdecombat.fr\/index.php\/wp-json\/wp\/v2\/types\/post"}],"author":[{"embeddable":true,"href":"https:\/\/slac-artsdecombat.fr\/index.php\/wp-json\/wp\/v2\/users\/1"}],"replies":[{"embeddable":true,"href":"https:\/\/slac-artsdecombat.fr\/index.php\/wp-json\/wp\/v2\/comments?post=1461"}],"version-history":[{"count":2,"href":"https:\/\/slac-artsdecombat.fr\/index.php\/wp-json\/wp\/v2\/posts\/1461\/revisions"}],"predecessor-version":[{"id":1464,"href":"https:\/\/slac-artsdecombat.fr\/index.php\/wp-json\/wp\/v2\/posts\/1461\/revisions\/1464"}],"wp:attachment":[{"href":"https:\/\/slac-artsdecombat.fr\/index.php\/wp-json\/wp\/v2\/media?parent=1461"}],"wp:term":[{"taxonomy":"category","embeddable":true,"href":"https:\/\/slac-artsdecombat.fr\/index.php\/wp-json\/wp\/v2\/categories?post=1461"},{"taxonomy":"post_tag","embeddable":true,"href":"https:\/\/slac-artsdecombat.fr\/index.php\/wp-json\/wp\/v2\/tags?post=1461"}],"curies":[{"name":"wp","href":"https:\/\/api.w.org\/{rel}","templated":true}]}}