{"id":1010,"date":"2021-08-22T18:09:09","date_gmt":"2021-08-22T16:09:09","guid":{"rendered":"http:\/\/slac-artsdecombat.fr\/?p=1010"},"modified":"2021-08-27T20:59:29","modified_gmt":"2021-08-27T18:59:29","slug":"infos-rentree-saison-2021-2022","status":"publish","type":"post","link":"https:\/\/slac-artsdecombat.fr\/index.php\/2021\/08\/22\/infos-rentree-saison-2021-2022\/","title":{"rendered":"Infos rentr\u00e9e saison 2021-2022"},"content":{"rendered":"\n<p>&#8211; La SLAC sera pr\u00e9sente au forum des associations de Lauris le samedi 4\/09, de 9h00 \u00e0 12h00, devant la Mairie.<\/p>\n\n\n\n<p>&#8211; reprise des activit\u00e9s \u00e0 partir du mardi 7\/09, jours et horaires habituels.<\/p>\n\n\n\n<p><strong>PROTOCOLE SANITAIRE AU DOJO : <\/strong><\/p>\n\n\n\n<p>&#8211; pass sanitaire pour tous  les adultes (pratiquants et accompagnants) d\u00e8s la reprise et \u00e0 partir du 30\/09 pour les 12 \u00e0 17 ans,<\/p>\n\n\n\n<p>&#8211; masque obligatoire \u00e0 partir de 6 ans en dehors des tapis + gel hydroalcoolique (pieds et mains),- d\u00e9sinfection des tapis,<\/p>\n\n\n\n<p><\/p>\n","protected":false},"excerpt":{"rendered":"<p>&#8211; La SLAC sera pr\u00e9sente au forum des associations de Lauris le samedi 4\/09, de 9h00 \u00e0 12h00, devant la Mairie. &#8211; reprise des activit\u00e9s \u00e0 partir du mardi 7\/09, jours et horaires habituels. PROTOCOLE SANITAIRE AU DOJO : &#8211; pass sanitaire pour tous les adultes (pratiquants et accompagnants) d\u00e8s la reprise et \u00e0 partir &hellip; <\/p>\n<p class=\"link-more\"><a href=\"https:\/\/slac-artsdecombat.fr\/index.php\/2021\/08\/22\/infos-rentree-saison-2021-2022\/\" class=\"more-link\">Continuer la lecture<span class=\"screen-reader-text\"> de &laquo;&nbsp;Infos rentr\u00e9e saison 2021-2022&nbsp;&raquo;<\/span><\/a><\/p>\n","protected":false},"author":2,"featured_media":0,"comment_status":"closed","ping_status":"open","sticky":false,"template":"","format":"standard","meta":{"footnotes":""},"categories":[1],"tags":[],"class_list":["post-1010","post","type-post","status-publish","format-standard","hentry","category-non-classe"],"_links":{"self":[{"href":"https:\/\/slac-artsdecombat.fr\/index.php\/wp-json\/wp\/v2\/posts\/1010","targetHints":{"allow":["GET"]}}],"collection":[{"href":"https:\/\/slac-artsdecombat.fr\/index.php\/wp-json\/wp\/v2\/posts"}],"about":[{"href":"https:\/\/slac-artsdecombat.fr\/index.php\/wp-json\/wp\/v2\/types\/post"}],"author":[{"embeddable":true,"href":"https:\/\/slac-artsdecombat.fr\/index.php\/wp-json\/wp\/v2\/users\/2"}],"replies":[{"embeddable":true,"href":"https:\/\/slac-artsdecombat.fr\/index.php\/wp-json\/wp\/v2\/comments?post=1010"}],"version-history":[{"count":4,"href":"https:\/\/slac-artsdecombat.fr\/index.php\/wp-json\/wp\/v2\/posts\/1010\/revisions"}],"predecessor-version":[{"id":1017,"href":"https:\/\/slac-artsdecombat.fr\/index.php\/wp-json\/wp\/v2\/posts\/1010\/revisions\/1017"}],"wp:attachment":[{"href":"https:\/\/slac-artsdecombat.fr\/index.php\/wp-json\/wp\/v2\/media?parent=1010"}],"wp:term":[{"taxonomy":"category","embeddable":true,"href":"https:\/\/slac-artsdecombat.fr\/index.php\/wp-json\/wp\/v2\/categories?post=1010"},{"taxonomy":"post_tag","embeddable":true,"href":"https:\/\/slac-artsdecombat.fr\/index.php\/wp-json\/wp\/v2\/tags?post=1010"}],"curies":[{"name":"wp","href":"https:\/\/api.w.org\/{rel}","templated":true}]}}